{"id":1502,"date":"2020-03-17T12:31:04","date_gmt":"2020-03-17T11:31:04","guid":{"rendered":"https:\/\/www.cortemerina.it\/?p=1502"},"modified":"2023-03-19T09:54:50","modified_gmt":"2023-03-19T08:54:50","slug":"poleta-e-carni-di-capra","status":"publish","type":"post","link":"https:\/\/www.cortemerina.it\/fr\/poleta-e-carni-di-capra\/","title":{"rendered":"Menu pranzo &#8211; piatto unico"},"content":{"rendered":"\n<p class=\"has-text-align-center\" style=\"font-size:14px\"><span style=\"font-weight: 600;\"><span style=\"font-weight: 600;\"><strong>PIATTO UNICO<\/strong><\/span><br><br>polenta con carni di capra<br>Torta casalinga, caff\u00e8<br>1\/4 di vino, acqua di fonte<br><br><strong>Euro 18,00<\/strong><br><strong>SU<\/strong> <strong>PRENOTAZION<\/strong><\/span><strong>E<\/strong><\/p>\n","protected":false},"excerpt":{"rendered":"<p>ogni domenica &#8211; polenta e carni di capra<br \/>\nPRENOTAZIONE CONSIGLIATA!<\/p>\n","protected":false},"author":1,"featured_media":2475,"comment_status":"open","ping_status":"open","sticky":false,"template":"","format":"standard","meta":{"_acf_changed":false,"footnotes":""},"categories":[10],"tags":[],"acf":{"photo_gallery":{"gallery_custom_1":[[]],"gallery_custom_2":[[],[]],"gallery_custom_3":[[],[],[]],"gallery_custom_4":[[],[],[],[]],"gallery_custom_5":[[],[],[],[],[]],"background_image_gallery":[[],[],[],[],[],[]]}},"yoast_head":"<!-- This site is optimized with the Yoast SEO plugin v22.8 - https:\/\/yoast.com\/wordpress\/plugins\/seo\/ -->\n<title>Menu pranzo - piatto unico - Corte Merina<\/title>\n<meta name=\"description\" content=\"ogni domenica l&#039;agriturismo propone polenta e carni di capra di produzione propria\" \/>\n<meta name=\"robots\" content=\"index, follow, max-snippet:-1, max-image-preview:large, max-video-preview:-1\" \/>\n<link rel=\"canonical\" href=\"https:\/\/www.cortemerina.it\/fr\/poleta-e-carni-di-capra\/\" \/>\n<meta property=\"og:locale\" content=\"fr_FR\" \/>\n<meta property=\"og:type\" content=\"article\" \/>\n<meta property=\"og:title\" content=\"Menu pranzo - piatto unico - Corte Merina\" \/>\n<meta property=\"og:description\" content=\"ogni domenica l&#039;agriturismo propone polenta e carni di capra di produzione propria\" \/>\n<meta property=\"og:url\" content=\"https:\/\/www.cortemerina.it\/fr\/poleta-e-carni-di-capra\/\" \/>\n<meta property=\"og:site_name\" content=\"Corte Merina\" \/>\n<meta property=\"article:publisher\" content=\"https:\/\/www.facebook.com\/cortemerina\/\" \/>\n<meta property=\"article:published_time\" content=\"2020-03-17T11:31:04+00:00\" \/>\n<meta property=\"article:modified_time\" content=\"2023-03-19T08:54:50+00:00\" \/>\n<meta property=\"og:image\" content=\"https:\/\/www.cortemerina.it\/wp-content\/uploads\/2020\/04\/caprettoepolentax-menu.jpg\" \/>\n\t<meta property=\"og:image:width\" content=\"900\" \/>\n\t<meta property=\"og:image:height\" content=\"882\" \/>\n\t<meta property=\"og:image:type\" content=\"image\/jpeg\" \/>\n<meta name=\"author\" content=\"AmminCorteMerina\" \/>\n<meta name=\"twitter:card\" content=\"summary_large_image\" \/>\n<meta name=\"twitter:label1\" content=\"\u00c9crit par\" \/>\n\t<meta name=\"twitter:data1\" content=\"AmminCorteMerina\" \/>\n\t<meta name=\"twitter:label2\" content=\"Dur\u00e9e de lecture estim\u00e9e\" \/>\n\t<meta name=\"twitter:data2\" content=\"1 minute\" \/>\n<script type=\"application\/ld+json\" class=\"yoast-schema-graph\">{\"@context\":\"https:\/\/schema.org\",\"@graph\":[{\"@type\":\"Article\",\"@id\":\"https:\/\/www.cortemerina.it\/fr\/poleta-e-carni-di-capra\/#article\",\"isPartOf\":{\"@id\":\"https:\/\/www.cortemerina.it\/fr\/poleta-e-carni-di-capra\/\"},\"author\":{\"name\":\"AmminCorteMerina\",\"@id\":\"https:\/\/www.cortemerina.it\/#\/schema\/person\/7996f57b14e95ec9c8dedac34ed74214\"},\"headline\":\"Menu pranzo &#8211; piatto unico\",\"datePublished\":\"2020-03-17T11:31:04+00:00\",\"dateModified\":\"2023-03-19T08:54:50+00:00\",\"mainEntityOfPage\":{\"@id\":\"https:\/\/www.cortemerina.it\/fr\/poleta-e-carni-di-capra\/\"},\"wordCount\":23,\"commentCount\":0,\"publisher\":{\"@id\":\"https:\/\/www.cortemerina.it\/#organization\"},\"image\":{\"@id\":\"https:\/\/www.cortemerina.it\/fr\/poleta-e-carni-di-capra\/#primaryimage\"},\"thumbnailUrl\":\"https:\/\/www.cortemerina.it\/wp-content\/uploads\/2020\/04\/caprettoepolentax-menu.jpg\",\"articleSection\":[\"Menu@fr\"],\"inLanguage\":\"fr-FR\",\"potentialAction\":[{\"@type\":\"CommentAction\",\"name\":\"Comment\",\"target\":[\"https:\/\/www.cortemerina.it\/fr\/poleta-e-carni-di-capra\/#respond\"]}]},{\"@type\":\"WebPage\",\"@id\":\"https:\/\/www.cortemerina.it\/fr\/poleta-e-carni-di-capra\/\",\"url\":\"https:\/\/www.cortemerina.it\/fr\/poleta-e-carni-di-capra\/\",\"name\":\"Menu pranzo - piatto unico - Corte Merina\",\"isPartOf\":{\"@id\":\"https:\/\/www.cortemerina.it\/#website\"},\"primaryImageOfPage\":{\"@id\":\"https:\/\/www.cortemerina.it\/fr\/poleta-e-carni-di-capra\/#primaryimage\"},\"image\":{\"@id\":\"https:\/\/www.cortemerina.it\/fr\/poleta-e-carni-di-capra\/#primaryimage\"},\"thumbnailUrl\":\"https:\/\/www.cortemerina.it\/wp-content\/uploads\/2020\/04\/caprettoepolentax-menu.jpg\",\"datePublished\":\"2020-03-17T11:31:04+00:00\",\"dateModified\":\"2023-03-19T08:54:50+00:00\",\"description\":\"ogni domenica l'agriturismo propone polenta e carni di capra di produzione propria\",\"breadcrumb\":{\"@id\":\"https:\/\/www.cortemerina.it\/fr\/poleta-e-carni-di-capra\/#breadcrumb\"},\"inLanguage\":\"fr-FR\",\"potentialAction\":[{\"@type\":\"ReadAction\",\"target\":[\"https:\/\/www.cortemerina.it\/fr\/poleta-e-carni-di-capra\/\"]}]},{\"@type\":\"ImageObject\",\"inLanguage\":\"fr-FR\",\"@id\":\"https:\/\/www.cortemerina.it\/fr\/poleta-e-carni-di-capra\/#primaryimage\",\"url\":\"https:\/\/www.cortemerina.it\/wp-content\/uploads\/2020\/04\/caprettoepolentax-menu.jpg\",\"contentUrl\":\"https:\/\/www.cortemerina.it\/wp-content\/uploads\/2020\/04\/caprettoepolentax-menu.jpg\",\"width\":900,\"height\":882},{\"@type\":\"BreadcrumbList\",\"@id\":\"https:\/\/www.cortemerina.it\/fr\/poleta-e-carni-di-capra\/#breadcrumb\",\"itemListElement\":[{\"@type\":\"ListItem\",\"position\":1,\"name\":\"Home\",\"item\":\"https:\/\/www.cortemerina.it\/fr\/\"},{\"@type\":\"ListItem\",\"position\":2,\"name\":\"Menu pranzo &#8211; piatto unico\"}]},{\"@type\":\"WebSite\",\"@id\":\"https:\/\/www.cortemerina.it\/#website\",\"url\":\"https:\/\/www.cortemerina.it\/\",\"name\":\"Corte Merina\",\"description\":\"Azienda agricola - localit\u00e0 Merina - frazione Cicogna - Cossogno - Verbania\",\"publisher\":{\"@id\":\"https:\/\/www.cortemerina.it\/#organization\"},\"potentialAction\":[{\"@type\":\"SearchAction\",\"target\":{\"@type\":\"EntryPoint\",\"urlTemplate\":\"https:\/\/www.cortemerina.it\/?s={search_term_string}\"},\"query-input\":\"required name=search_term_string\"}],\"inLanguage\":\"fr-FR\"},{\"@type\":\"Organization\",\"@id\":\"https:\/\/www.cortemerina.it\/#organization\",\"name\":\"Corte Merina\",\"url\":\"https:\/\/www.cortemerina.it\/\",\"logo\":{\"@type\":\"ImageObject\",\"inLanguage\":\"fr-FR\",\"@id\":\"https:\/\/www.cortemerina.it\/#\/schema\/logo\/image\/\",\"url\":\"https:\/\/www.cortemerina.it\/wp-content\/uploads\/2020\/02\/logo-cortemerina-txt.png\",\"contentUrl\":\"https:\/\/www.cortemerina.it\/wp-content\/uploads\/2020\/02\/logo-cortemerina-txt.png\",\"width\":458,\"height\":174,\"caption\":\"Corte Merina\"},\"image\":{\"@id\":\"https:\/\/www.cortemerina.it\/#\/schema\/logo\/image\/\"},\"sameAs\":[\"https:\/\/www.facebook.com\/cortemerina\/\"]},{\"@type\":\"Person\",\"@id\":\"https:\/\/www.cortemerina.it\/#\/schema\/person\/7996f57b14e95ec9c8dedac34ed74214\",\"name\":\"AmminCorteMerina\",\"image\":{\"@type\":\"ImageObject\",\"inLanguage\":\"fr-FR\",\"@id\":\"https:\/\/www.cortemerina.it\/#\/schema\/person\/image\/\",\"url\":\"https:\/\/secure.gravatar.com\/avatar\/fdbb2a342a2ef739760699bbcc85b0be?s=96&d=mm&r=g\",\"contentUrl\":\"https:\/\/secure.gravatar.com\/avatar\/fdbb2a342a2ef739760699bbcc85b0be?s=96&d=mm&r=g\",\"caption\":\"AmminCorteMerina\"},\"url\":\"https:\/\/www.cortemerina.it\/fr\/author\/ammincortemerina\/\"}]}<\/script>\n<!-- \/ Yoast SEO plugin. -->","yoast_head_json":{"title":"Menu pranzo - piatto unico - Corte Merina","description":"ogni domenica l'agriturismo propone polenta e carni di capra di produzione propria","robots":{"index":"index","follow":"follow","max-snippet":"max-snippet:-1","max-image-preview":"max-image-preview:large","max-video-preview":"max-video-preview:-1"},"canonical":"https:\/\/www.cortemerina.it\/fr\/poleta-e-carni-di-capra\/","og_locale":"fr_FR","og_type":"article","og_title":"Menu pranzo - piatto unico - Corte Merina","og_description":"ogni domenica l'agriturismo propone polenta e carni di capra di produzione propria","og_url":"https:\/\/www.cortemerina.it\/fr\/poleta-e-carni-di-capra\/","og_site_name":"Corte Merina","article_publisher":"https:\/\/www.facebook.com\/cortemerina\/","article_published_time":"2020-03-17T11:31:04+00:00","article_modified_time":"2023-03-19T08:54:50+00:00","og_image":[{"width":900,"height":882,"url":"https:\/\/www.cortemerina.it\/wp-content\/uploads\/2020\/04\/caprettoepolentax-menu.jpg","type":"image\/jpeg"}],"author":"AmminCorteMerina","twitter_card":"summary_large_image","twitter_misc":{"\u00c9crit par":"AmminCorteMerina","Dur\u00e9e de lecture estim\u00e9e":"1 minute"},"schema":{"@context":"https:\/\/schema.org","@graph":[{"@type":"Article","@id":"https:\/\/www.cortemerina.it\/fr\/poleta-e-carni-di-capra\/#article","isPartOf":{"@id":"https:\/\/www.cortemerina.it\/fr\/poleta-e-carni-di-capra\/"},"author":{"name":"AmminCorteMerina","@id":"https:\/\/www.cortemerina.it\/#\/schema\/person\/7996f57b14e95ec9c8dedac34ed74214"},"headline":"Menu pranzo &#8211; piatto unico","datePublished":"2020-03-17T11:31:04+00:00","dateModified":"2023-03-19T08:54:50+00:00","mainEntityOfPage":{"@id":"https:\/\/www.cortemerina.it\/fr\/poleta-e-carni-di-capra\/"},"wordCount":23,"commentCount":0,"publisher":{"@id":"https:\/\/www.cortemerina.it\/#organization"},"image":{"@id":"https:\/\/www.cortemerina.it\/fr\/poleta-e-carni-di-capra\/#primaryimage"},"thumbnailUrl":"https:\/\/www.cortemerina.it\/wp-content\/uploads\/2020\/04\/caprettoepolentax-menu.jpg","articleSection":["Menu@fr"],"inLanguage":"fr-FR","potentialAction":[{"@type":"CommentAction","name":"Comment","target":["https:\/\/www.cortemerina.it\/fr\/poleta-e-carni-di-capra\/#respond"]}]},{"@type":"WebPage","@id":"https:\/\/www.cortemerina.it\/fr\/poleta-e-carni-di-capra\/","url":"https:\/\/www.cortemerina.it\/fr\/poleta-e-carni-di-capra\/","name":"Menu pranzo - piatto unico - Corte Merina","isPartOf":{"@id":"https:\/\/www.cortemerina.it\/#website"},"primaryImageOfPage":{"@id":"https:\/\/www.cortemerina.it\/fr\/poleta-e-carni-di-capra\/#primaryimage"},"image":{"@id":"https:\/\/www.cortemerina.it\/fr\/poleta-e-carni-di-capra\/#primaryimage"},"thumbnailUrl":"https:\/\/www.cortemerina.it\/wp-content\/uploads\/2020\/04\/caprettoepolentax-menu.jpg","datePublished":"2020-03-17T11:31:04+00:00","dateModified":"2023-03-19T08:54:50+00:00","description":"ogni domenica l'agriturismo propone polenta e carni di capra di produzione propria","breadcrumb":{"@id":"https:\/\/www.cortemerina.it\/fr\/poleta-e-carni-di-capra\/#breadcrumb"},"inLanguage":"fr-FR","potentialAction":[{"@type":"ReadAction","target":["https:\/\/www.cortemerina.it\/fr\/poleta-e-carni-di-capra\/"]}]},{"@type":"ImageObject","inLanguage":"fr-FR","@id":"https:\/\/www.cortemerina.it\/fr\/poleta-e-carni-di-capra\/#primaryimage","url":"https:\/\/www.cortemerina.it\/wp-content\/uploads\/2020\/04\/caprettoepolentax-menu.jpg","contentUrl":"https:\/\/www.cortemerina.it\/wp-content\/uploads\/2020\/04\/caprettoepolentax-menu.jpg","width":900,"height":882},{"@type":"BreadcrumbList","@id":"https:\/\/www.cortemerina.it\/fr\/poleta-e-carni-di-capra\/#breadcrumb","itemListElement":[{"@type":"ListItem","position":1,"name":"Home","item":"https:\/\/www.cortemerina.it\/fr\/"},{"@type":"ListItem","position":2,"name":"Menu pranzo &#8211; piatto unico"}]},{"@type":"WebSite","@id":"https:\/\/www.cortemerina.it\/#website","url":"https:\/\/www.cortemerina.it\/","name":"Corte Merina","description":"Azienda agricola - localit\u00e0 Merina - frazione Cicogna - Cossogno - Verbania","publisher":{"@id":"https:\/\/www.cortemerina.it\/#organization"},"potentialAction":[{"@type":"SearchAction","target":{"@type":"EntryPoint","urlTemplate":"https:\/\/www.cortemerina.it\/?s={search_term_string}"},"query-input":"required name=search_term_string"}],"inLanguage":"fr-FR"},{"@type":"Organization","@id":"https:\/\/www.cortemerina.it\/#organization","name":"Corte Merina","url":"https:\/\/www.cortemerina.it\/","logo":{"@type":"ImageObject","inLanguage":"fr-FR","@id":"https:\/\/www.cortemerina.it\/#\/schema\/logo\/image\/","url":"https:\/\/www.cortemerina.it\/wp-content\/uploads\/2020\/02\/logo-cortemerina-txt.png","contentUrl":"https:\/\/www.cortemerina.it\/wp-content\/uploads\/2020\/02\/logo-cortemerina-txt.png","width":458,"height":174,"caption":"Corte Merina"},"image":{"@id":"https:\/\/www.cortemerina.it\/#\/schema\/logo\/image\/"},"sameAs":["https:\/\/www.facebook.com\/cortemerina\/"]},{"@type":"Person","@id":"https:\/\/www.cortemerina.it\/#\/schema\/person\/7996f57b14e95ec9c8dedac34ed74214","name":"AmminCorteMerina","image":{"@type":"ImageObject","inLanguage":"fr-FR","@id":"https:\/\/www.cortemerina.it\/#\/schema\/person\/image\/","url":"https:\/\/secure.gravatar.com\/avatar\/fdbb2a342a2ef739760699bbcc85b0be?s=96&d=mm&r=g","contentUrl":"https:\/\/secure.gravatar.com\/avatar\/fdbb2a342a2ef739760699bbcc85b0be?s=96&d=mm&r=g","caption":"AmminCorteMerina"},"url":"https:\/\/www.cortemerina.it\/fr\/author\/ammincortemerina\/"}]}},"_links":{"self":[{"href":"https:\/\/www.cortemerina.it\/fr\/wp-json\/wp\/v2\/posts\/1502"}],"collection":[{"href":"https:\/\/www.cortemerina.it\/fr\/wp-json\/wp\/v2\/posts"}],"about":[{"href":"https:\/\/www.cortemerina.it\/fr\/wp-json\/wp\/v2\/types\/post"}],"author":[{"embeddable":true,"href":"https:\/\/www.cortemerina.it\/fr\/wp-json\/wp\/v2\/users\/1"}],"replies":[{"embeddable":true,"href":"https:\/\/www.cortemerina.it\/fr\/wp-json\/wp\/v2\/comments?post=1502"}],"version-history":[{"count":5,"href":"https:\/\/www.cortemerina.it\/fr\/wp-json\/wp\/v2\/posts\/1502\/revisions"}],"predecessor-version":[{"id":4624,"href":"https:\/\/www.cortemerina.it\/fr\/wp-json\/wp\/v2\/posts\/1502\/revisions\/4624"}],"wp:featuredmedia":[{"embeddable":true,"href":"https:\/\/www.cortemerina.it\/fr\/wp-json\/wp\/v2\/media\/2475"}],"wp:attachment":[{"href":"https:\/\/www.cortemerina.it\/fr\/wp-json\/wp\/v2\/media?parent=1502"}],"wp:term":[{"taxonomy":"category","embeddable":true,"href":"https:\/\/www.cortemerina.it\/fr\/wp-json\/wp\/v2\/categories?post=1502"},{"taxonomy":"post_tag","embeddable":true,"href":"https:\/\/www.cortemerina.it\/fr\/wp-json\/wp\/v2\/tags?post=1502"}],"curies":[{"name":"wp","href":"https:\/\/api.w.org\/{rel}","templated":true}]}}